{"id":664,"date":"2013-11-21T13:37:00","date_gmt":"2013-11-21T13:37:00","guid":{"rendered":"http:\/\/fundashonbonintenshon.local\/?p=664"},"modified":"2021-08-16T21:48:51","modified_gmt":"2021-08-16T21:48:51","slug":"musika-curacao-shows-the-soul-of-the-curacao-music-world","status":"publish","type":"post","link":"https:\/\/fundashonbonintenshon.org\/nl\/musika-curacao-shows-the-soul-of-the-curacao-music-world\/","title":{"rendered":"M\u00fasika Cura\u00e7ao toont de ziel van Cura\u00e7aose muziekwereld"},"content":{"rendered":"<div data-elementor-type=\"wp-post\" data-elementor-id=\"664\" class=\"elementor elementor-664\" data-elementor-settings=\"[]\">\n\t\t\t\t\t\t\t<div class=\"elementor-section-wrap\">\n\t\t\t\t\t\t\t<section class=\"elementor-section elementor-top-section elementor-element elementor-element-19dd6034 elementor-section-boxed elementor-section-height-default elementor-section-height-default\" data-id=\"19dd6034\" data-element_type=\"section\" data-settings=\"{&quot;background_background&quot;:&quot;classic&quot;}\">\n\t\t\t\t\t\t<div class=\"elementor-container elementor-column-gap-default\">\n\t\t\t\t\t<div class=\"elementor-column elementor-col-100 elementor-top-column elementor-element elementor-element-1a3d07b6\" data-id=\"1a3d07b6\" data-element_type=\"column\" data-settings=\"{&quot;background_background&quot;:&quot;classic&quot;}\">\n\t\t\t<div class=\"elementor-widget-wrap elementor-element-populated\">\n\t\t\t\t\t\t\t\t<section class=\"elementor-section elementor-inner-section elementor-element elementor-element-20070bce elementor-reverse-mobile elementor-section-boxed elementor-section-height-default elementor-section-height-default\" data-id=\"20070bce\" data-element_type=\"section\">\n\t\t\t\t\t\t<div class=\"elementor-container elementor-column-gap-default\">\n\t\t\t\t\t<div class=\"elementor-column elementor-col-50 elementor-inner-column elementor-element elementor-element-1c704504\" data-id=\"1c704504\" data-element_type=\"column\" data-settings=\"{&quot;background_background&quot;:&quot;classic&quot;}\">\n\t\t\t<div class=\"elementor-widget-wrap elementor-element-populated\">\n\t\t\t\t\t\t\t\t<div class=\"elementor-element elementor-element-6ad44cea elementor-widget elementor-widget-spacer\" data-id=\"6ad44cea\" data-element_type=\"widget\" data-widget_type=\"spacer.default\">\n\t\t\t\t<div class=\"elementor-widget-container\">\n\t\t\t\t\t<div class=\"elementor-spacer\">\n\t\t\t<div class=\"elementor-spacer-inner\"><\/div>\n\t\t<\/div>\n\t\t\t\t<\/div>\n\t\t\t\t<\/div>\n\t\t\t\t<div class=\"elementor-element elementor-element-16cb34f4 elementor-widget elementor-widget-image\" data-id=\"16cb34f4\" data-element_type=\"widget\" data-widget_type=\"image.default\">\n\t\t\t\t<div class=\"elementor-widget-container\">\n\t\t\t<style>\/*! elementor - v3.5.4 - 23-01-2022 *\/\n.elementor-widget-image{text-align:center}.elementor-widget-image a{display:inline-block}.elementor-widget-image a img[src$=\".svg\"]{width:48px}.elementor-widget-image img{vertical-align:middle;display:inline-block}<\/style>\t\t\t\t\t\t\t\t\t\t\t\t<img width=\"35\" height=\"30\" src=\"https:\/\/fundashonbonintenshon.org\/wp-content\/uploads\/2021\/08\/fbinv-1.png\" class=\"attachment-large size-large\" alt=\"\" loading=\"lazy\" srcset=\"https:\/\/fundashonbonintenshon.org\/wp-content\/uploads\/2021\/08\/fbinv-1.png 35w, https:\/\/fundashonbonintenshon.org\/wp-content\/uploads\/2021\/08\/fbinv-1-14x12.png 14w\" sizes=\"(max-width: 35px) 100vw, 35px\" \/>\t\t\t\t\t\t\t\t\t\t\t\t\t\t\t<\/div>\n\t\t\t\t<\/div>\n\t\t\t\t<div class=\"elementor-element elementor-element-672e1617 elementor-widget elementor-widget-text-editor\" data-id=\"672e1617\" data-element_type=\"widget\" data-widget_type=\"text-editor.default\">\n\t\t\t\t<div class=\"elementor-widget-container\">\n\t\t\t<style>\/*! elementor - v3.5.4 - 23-01-2022 *\/\n.elementor-widget-text-editor.elementor-drop-cap-view-stacked .elementor-drop-cap{background-color:#818a91;color:#fff}.elementor-widget-text-editor.elementor-drop-cap-view-framed .elementor-drop-cap{color:#818a91;border:3px solid;background-color:transparent}.elementor-widget-text-editor:not(.elementor-drop-cap-view-default) .elementor-drop-cap{margin-top:8px}.elementor-widget-text-editor:not(.elementor-drop-cap-view-default) .elementor-drop-cap-letter{width:1em;height:1em}.elementor-widget-text-editor .elementor-drop-cap{float:left;text-align:center;line-height:1;font-size:50px}.elementor-widget-text-editor .elementor-drop-cap-letter{display:inline-block}<\/style>\t\t\t\t<span style=\"color:#0099ff;\">Fundashon Bon Intenshon<\/span>\nzet zich in voor sociale verbetering op Cura\u00e7ao door (inter)nationale muziek, sport en kunst projecten met een focus op de ontwikkeling van de jeugd\t\t\t\t\t\t<\/div>\n\t\t\t\t<\/div>\n\t\t\t\t<div class=\"elementor-element elementor-element-50f04eb6 elementor-widget elementor-widget-image\" data-id=\"50f04eb6\" data-element_type=\"widget\" data-widget_type=\"image.default\">\n\t\t\t\t<div class=\"elementor-widget-container\">\n\t\t\t\t\t\t\t\t\t\t\t\t\t\t\t<img width=\"35\" height=\"30\" src=\"https:\/\/fundashonbonintenshon.org\/wp-content\/uploads\/2021\/08\/fbinv-1.png\" class=\"attachment-large size-large\" alt=\"\" loading=\"lazy\" srcset=\"https:\/\/fundashonbonintenshon.org\/wp-content\/uploads\/2021\/08\/fbinv-1.png 35w, https:\/\/fundashonbonintenshon.org\/wp-content\/uploads\/2021\/08\/fbinv-1-14x12.png 14w\" sizes=\"(max-width: 35px) 100vw, 35px\" \/>\t\t\t\t\t\t\t\t\t\t\t\t\t\t\t<\/div>\n\t\t\t\t<\/div>\n\t\t\t\t<div class=\"elementor-element elementor-element-29ef5f2 elementor-widget elementor-widget-image\" data-id=\"29ef5f2\" data-element_type=\"widget\" data-widget_type=\"image.default\">\n\t\t\t\t<div class=\"elementor-widget-container\">\n\t\t\t\t\t\t\t\t\t\t\t\t\t\t\t\t<a href=\"\/nl\/program\/curacao-international-blueseas-festival\/\">\n\t\t\t\t\t\t\t<img width=\"197\" height=\"194\" src=\"https:\/\/fundashonbonintenshon.org\/wp-content\/uploads\/2021\/08\/a87fbe60b715474883942f774e9247b6.jpg\" class=\"attachment-large size-large\" alt=\"\" loading=\"lazy\" srcset=\"https:\/\/fundashonbonintenshon.org\/wp-content\/uploads\/2021\/08\/a87fbe60b715474883942f774e9247b6.jpg 197w, https:\/\/fundashonbonintenshon.org\/wp-content\/uploads\/2021\/08\/a87fbe60b715474883942f774e9247b6-12x12.jpg 12w\" sizes=\"(max-width: 197px) 100vw, 197px\" \/>\t\t\t\t\t\t\t\t<\/a>\n\t\t\t\t\t\t\t\t\t\t\t\t\t\t\t<\/div>\n\t\t\t\t<\/div>\n\t\t\t\t<div class=\"elementor-element elementor-element-6377a9f6 elementor-widget elementor-widget-image\" data-id=\"6377a9f6\" data-element_type=\"widget\" data-widget_type=\"image.default\">\n\t\t\t\t<div class=\"elementor-widget-container\">\n\t\t\t\t\t\t\t\t\t\t\t\t\t\t\t\t<a href=\"\/nl\/program\/curacao-soccer-academy\/\">\n\t\t\t\t\t\t\t<img width=\"197\" height=\"194\" src=\"https:\/\/fundashonbonintenshon.org\/wp-content\/uploads\/2021\/08\/d289d98454c7492d9d47d83d404d4273.jpg\" class=\"attachment-large size-large\" alt=\"\" loading=\"lazy\" srcset=\"https:\/\/fundashonbonintenshon.org\/wp-content\/uploads\/2021\/08\/d289d98454c7492d9d47d83d404d4273.jpg 197w, https:\/\/fundashonbonintenshon.org\/wp-content\/uploads\/2021\/08\/d289d98454c7492d9d47d83d404d4273-12x12.jpg 12w\" sizes=\"(max-width: 197px) 100vw, 197px\" \/>\t\t\t\t\t\t\t\t<\/a>\n\t\t\t\t\t\t\t\t\t\t\t\t\t\t\t<\/div>\n\t\t\t\t<\/div>\n\t\t\t\t<div class=\"elementor-element elementor-element-21df3ade elementor-widget elementor-widget-image\" data-id=\"21df3ade\" data-element_type=\"widget\" data-widget_type=\"image.default\">\n\t\t\t\t<div class=\"elementor-widget-container\">\n\t\t\t\t\t\t\t\t\t\t\t\t\t\t\t\t<a href=\"\/nl\/program\/curacao-north-sea-jazz-festival\/\">\n\t\t\t\t\t\t\t<img width=\"197\" height=\"194\" src=\"https:\/\/fundashonbonintenshon.org\/wp-content\/uploads\/2021\/08\/8fb1db7413e7463496fc44e6e1e763ac.jpg\" class=\"attachment-large size-large\" alt=\"\" loading=\"lazy\" srcset=\"https:\/\/fundashonbonintenshon.org\/wp-content\/uploads\/2021\/08\/8fb1db7413e7463496fc44e6e1e763ac.jpg 197w, https:\/\/fundashonbonintenshon.org\/wp-content\/uploads\/2021\/08\/8fb1db7413e7463496fc44e6e1e763ac-12x12.jpg 12w\" sizes=\"(max-width: 197px) 100vw, 197px\" \/>\t\t\t\t\t\t\t\t<\/a>\n\t\t\t\t\t\t\t\t\t\t\t\t\t\t\t<\/div>\n\t\t\t\t<\/div>\n\t\t\t\t<div class=\"elementor-element elementor-element-4a3aa1d2 elementor-widget elementor-widget-image\" data-id=\"4a3aa1d2\" data-element_type=\"widget\" data-widget_type=\"image.default\">\n\t\t\t\t<div class=\"elementor-widget-container\">\n\t\t\t\t\t\t\t\t\t\t\t\t\t\t\t\t<a href=\"\/nl\/program\/curacao-international-film-festival-rotterdam\/\">\n\t\t\t\t\t\t\t<img width=\"197\" height=\"194\" src=\"https:\/\/fundashonbonintenshon.org\/wp-content\/uploads\/2021\/08\/29a19731bbca432abe79d50099750e16.jpg\" class=\"attachment-large size-large\" alt=\"\" loading=\"lazy\" srcset=\"https:\/\/fundashonbonintenshon.org\/wp-content\/uploads\/2021\/08\/29a19731bbca432abe79d50099750e16.jpg 197w, https:\/\/fundashonbonintenshon.org\/wp-content\/uploads\/2021\/08\/29a19731bbca432abe79d50099750e16-12x12.jpg 12w\" sizes=\"(max-width: 197px) 100vw, 197px\" \/>\t\t\t\t\t\t\t\t<\/a>\n\t\t\t\t\t\t\t\t\t\t\t\t\t\t\t<\/div>\n\t\t\t\t<\/div>\n\t\t\t\t\t<\/div>\n\t\t<\/div>\n\t\t\t\t<div class=\"elementor-column elementor-col-50 elementor-inner-column elementor-element elementor-element-795c1817\" data-id=\"795c1817\" data-element_type=\"column\" data-settings=\"{&quot;background_background&quot;:&quot;classic&quot;}\">\n\t\t\t<div class=\"elementor-widget-wrap elementor-element-populated\">\n\t\t\t\t\t\t\t\t<div class=\"elementor-element elementor-element-6ea3b6b9 elementor-widget elementor-widget-theme-post-title elementor-page-title elementor-widget-heading\" data-id=\"6ea3b6b9\" data-element_type=\"widget\" data-widget_type=\"theme-post-title.default\">\n\t\t\t\t<div class=\"elementor-widget-container\">\n\t\t\t<h1 class=\"elementor-heading-title elementor-size-default\">M\u00fasika Cura\u00e7ao toont de ziel van Cura\u00e7aose muziekwereld<\/h1>\t\t<\/div>\n\t\t\t\t<\/div>\n\t\t\t\t<div class=\"elementor-element elementor-element-4ad7774a elementor-widget elementor-widget-text-editor\" data-id=\"4ad7774a\" data-element_type=\"widget\" data-widget_type=\"text-editor.default\">\n\t\t\t\t<div class=\"elementor-widget-container\">\n\t\t\t\t\t\t\t<p><strong><a href=\"https:\/\/media.curacaoiffr.com\/img\/29503751ef474aeeb1de8931c22d76a8.jpg\"><img loading=\"lazy\" class=\"alignleft size-medium wp-image-478\" src=\"https:\/\/media.curacaoiffr.com\/img\/tc\/210\/300\/29503751ef474aeeb1de8931c22d76a8.jpg\" alt=\"Musika_OMSLAG_voorzijde_hr\" width=\"210\" height=\"300\" \/><\/a><\/strong><\/p><p class=\" translation-block\">M\u00fasika Cura\u00e7ao toont de ziel van Cura\u00e7aose muziekwereld\nMet voorwoord van Barry Hay<\/p><p>Available in stores on Cura\u00e7ao now:\u00a0<strong>M\u00fasika Cura\u00e7ao<\/strong>Vanaf heden verkrijgbaar in winkels op Cura\u00e7ao: M\u00fasika Cura\u00e7ao, een fotodocumentaire over Cura\u00e7aose musici. Het boek dringt in woord en beeld door tot de ziel van de Cura\u00e7aose muziekwereld. Van de invloeden van de slavernij tot hiphop, van jazz tot klassiek, van opera tot zangkoor.<\/p><p>In M\u00fasika Cura\u00e7ao portretteren fotografe Sinaya Wolfert en journaliste Jeannette van Ditzhuijzen een kleine vijftig musici die te beschouwen zijn als muzikale ambassadeurs van het eiland die furore maken op internationale podia, zoals operazangeres Tania Kross, de zangeressen Giovanca, Kris Berry en Izaline Calister, pianisten Randal Corsen en Harold Martina, percussionist Pernell Saturnino, zanger Junior Tecla, de dit jaar overleden klassiek gitarist Julian Coco of steelpannist Konkie Halmeyer.<strong><a href=\"https:\/\/media.curacaoiffr.com\/img\/772127ab2b024f0db72fbc7d9cd9957b.jpg\"><img loading=\"lazy\" class=\"size-medium wp-image-476 alignright\" src=\"https:\/\/media.curacaoiffr.com\/img\/tc\/210\/300\/772127ab2b024f0db72fbc7d9cd9957b.jpg\" alt=\"MusikaCuracao\" width=\"208\" height=\"300\" \/><\/a><\/strong><\/p><p class=\" translation-block\">Musici die tijdens hun carri\u00e8re op het eiland zijn gebleven komen in dit sprankelende boek eveneens aan bod. Tumba-keizer Boy Dap bijvoorbeeld, die \u2019s avonds als knulletje van vier al stiekem naar de muziek van zijn vader luisterde.\n\nOf neem de 91-jarige Serapio Pinedo die achter zijn huis op Banda Abou vol liefde ka\u2019i \u00f2rgels maakt. Hij heeft zichzelf de kunst aangeleerd om deze draagbare orgeltjes te maken die onder meer de Cura\u00e7aose walsjes laten horen. Walsen die vaak gecomponeerd zijn door een van de leden van de illustere en vooral muzikale familie Palm. Nog steeds spelen nazaten van deze familie een belangrijke rol in de muziekwereld op het eiland en daarbuiten.<\/p><p>Fotografe Sinaya Wolfert portretteerde de musici tijdens hun optredens, of soms tijdens een zeldzaam moment van rust. Ook bracht zij de plekken in beeld waar ze regelmatig te horen en te zien zijn. Jeannette van Ditzhuijzen sprak met de musici over hun jeugd, hun liefde voor de muziek en hun carri\u00e8re.<\/p><p><a href=\"https:\/\/media.curacaoiffr.com\/img\/2b3136b444554d4f8dbdce603c68f15f.jpg\"><img loading=\"lazy\" class=\"alignleft size-medium wp-image-477\" src=\"https:\/\/media.curacaoiffr.com\/img\/tc\/210\/300\/2b3136b444554d4f8dbdce603c68f15f.jpg\" alt=\"Musika_OMSLAGachterzijde_hr\" width=\"210\" height=\"300\" \/><\/a><\/p><p>Barry Hay, zanger van Golden Earring en woonachtig op Cura\u00e7ao, is inmiddels ook gevallen voor de Cura\u00e7aose music scene. Van zijn hand is het voorwoord bij dit kleurrijke en muzikale boekwerk. Daarmee legt hij onwillekeurig een link met Nederland, waar Cura\u00e7ao\u00ebnaars steeds vaker muzikale furore maken.<\/p><p class=\" translation-block\">M\u00fasika Cura\u00e7ao is tot mede tot stand gekomen dankzij financi\u00eble ondersteuning van Fundashon Bon Intenshon.<\/p><div class=\"validation-summary-valid\" data-valmsg-summary=\"true\">\u00a0<\/div>\t\t\t\t\t\t<\/div>\n\t\t\t\t<\/div>\n\t\t\t\t\t<\/div>\n\t\t<\/div>\n\t\t\t\t\t\t\t<\/div>\n\t\t<\/section>\n\t\t\t\t\t<\/div>\n\t\t<\/div>\n\t\t\t\t\t\t\t<\/div>\n\t\t<\/section>\n\t\t\t\t\t\t<\/div>\n\t\t\t\t\t<\/div>","protected":false},"excerpt":{"rendered":"<p>Fundashon Bon Intenshon is committed to social betterment on Cura\u00e7ao through (inter)national music, sports, and arts projects with a focus on youth development M\u00fasika Cura\u00e7ao&nbsp;shows the soul of the Cura\u00e7ao music world With an introduction by Barry Hay Available in stores on Cura\u00e7ao now:&nbsp;M\u00fasika Cura\u00e7ao, a photo documentary book about Cura\u00e7ao musicians. Through words and [&hellip;]<\/p>","protected":false},"author":1,"featured_media":1211,"comment_status":"closed","ping_status":"closed","sticky":false,"template":"elementor_header_footer","format":"standard","meta":[],"categories":[1],"tags":[],"_links":{"self":[{"href":"https:\/\/fundashonbonintenshon.org\/nl\/wp-json\/wp\/v2\/posts\/664"}],"collection":[{"href":"https:\/\/fundashonbonintenshon.org\/nl\/wp-json\/wp\/v2\/posts"}],"about":[{"href":"https:\/\/fundashonbonintenshon.org\/nl\/wp-json\/wp\/v2\/types\/post"}],"author":[{"embeddable":true,"href":"https:\/\/fundashonbonintenshon.org\/nl\/wp-json\/wp\/v2\/users\/1"}],"replies":[{"embeddable":true,"href":"https:\/\/fundashonbonintenshon.org\/nl\/wp-json\/wp\/v2\/comments?post=664"}],"version-history":[{"count":7,"href":"https:\/\/fundashonbonintenshon.org\/nl\/wp-json\/wp\/v2\/posts\/664\/revisions"}],"predecessor-version":[{"id":1212,"href":"https:\/\/fundashonbonintenshon.org\/nl\/wp-json\/wp\/v2\/posts\/664\/revisions\/1212"}],"wp:featuredmedia":[{"embeddable":true,"href":"https:\/\/fundashonbonintenshon.org\/nl\/wp-json\/wp\/v2\/media\/1211"}],"wp:attachment":[{"href":"https:\/\/fundashonbonintenshon.org\/nl\/wp-json\/wp\/v2\/media?parent=664"}],"wp:term":[{"taxonomy":"category","embeddable":true,"href":"https:\/\/fundashonbonintenshon.org\/nl\/wp-json\/wp\/v2\/categories?post=664"},{"taxonomy":"post_tag","embeddable":true,"href":"https:\/\/fundashonbonintenshon.org\/nl\/wp-json\/wp\/v2\/tags?post=664"}],"curies":[{"name":"wp","href":"https:\/\/api.w.org\/{rel}","templated":true}]}}